{"id":16346,"date":"2026-04-07T00:13:10","date_gmt":"2026-04-07T03:13:10","guid":{"rendered":"https:\/\/ligana104.com.br\/2021\/2026\/04\/07\/apos-anos-de-descaso-ponte-onde-caminhao-chegou-a-cair-sera-construida-na-gestao-claudio-ferreira\/"},"modified":"2026-04-07T00:13:11","modified_gmt":"2026-04-07T03:13:11","slug":"apos-anos-de-descaso-ponte-onde-caminhao-chegou-a-cair-sera-construida-na-gestao-claudio-ferreira","status":"publish","type":"post","link":"https:\/\/ligana104.com.br\/2021\/2026\/04\/07\/apos-anos-de-descaso-ponte-onde-caminhao-chegou-a-cair-sera-construida-na-gestao-claudio-ferreira\/","title":{"rendered":"Ap\u00f3s anos de descaso, ponte onde caminh\u00e3o chegou a cair ser\u00e1 constru\u00edda na gest\u00e3o Cl\u00e1udio Ferreira"},"content":{"rendered":"<p> <br \/>\n<\/p>\n<div>\n<p>Ap\u00f3s anos de descaso e transtornos para os moradores, a ponte que liga o Jardim das Flores ao Sumar\u00e9 vai sair do papel na gest\u00e3o do prefeito Cl\u00e1udio Ferreira. Nesta segunda-feira (06), ele assinou a publica\u00e7\u00e3o da licita\u00e7\u00e3o para a obra, atendendo uma demanda antiga da comunidade.<\/p>\n<p>No v\u00eddeo divulgado, o prefeito afirma que \u201cmostrar problema \u00e9 f\u00e1cil\u201d, mas que a gest\u00e3o trabalha para resolver. Ele lembra que o local est\u00e1 sem passagem h\u00e1 muito tempo, diz que a situa\u00e7\u00e3o sempre acabou ignorada e cita que at\u00e9 um caminh\u00e3o j\u00e1 caiu na antiga estrutura, no dia 13 de junho.<\/p>\n<p>Segundo Cl\u00e1udio, a administra\u00e7\u00e3o segue com \u201cpassos firmes\u201d, responsabilidade e seguran\u00e7a para entregar a solu\u00e7\u00e3o definitiva aos moradores. A expectativa agora fica para a conclus\u00e3o do processo licitat\u00f3rio e o in\u00edcio da constru\u00e7\u00e3o da nova ponte entre os bairros.<\/p>\n<blockquote class=\"instagram-media\" data-instgrm-captioned=\"\" data-instgrm-permalink=\"https:\/\/www.instagram.com\/reel\/DWzgi0ggemL\/?utm_source=ig_embed&amp;utm_campaign=loading\" data-instgrm-version=\"14\" style=\" background:#FFF; border:0; border-radius:3px; box-shadow:0 0 1px 0 rgba(0,0,0,0.5),0 1px 10px 0 rgba(0,0,0,0.15); margin: 1px; max-width:540px; min-width:326px; padding:0; width:99.375%; width:-webkit-calc(100% - 2px); width:calc(100% - 2px);\"\/>\n<p><!-- H&aacute; banners, eles s&atilde;o deficientes ou nenhum qualificado para este local! -->\t\t<\/div>\n<p><script async src=\"\/\/www.instagram.com\/embed.js\"><\/script><br \/>\n<br \/><br \/>\n<br \/><a href=\"https:\/\/rgtnews.com.br\/destaque\/apos-anos-de-descaso-ponte-onde-caminhao-chegou-a-cair-sera-construida-na-gestao-claudio-ferreira\/?utm_source=rss&#038;utm_medium=rss&#038;utm_campaign=apos-anos-de-descaso-ponte-onde-caminhao-chegou-a-cair-sera-construida-na-gestao-claudio-ferreira\">Fonte da Noticia <\/a><\/p>\n","protected":false},"excerpt":{"rendered":"<p>Ap\u00f3s anos de descaso e transtornos para os moradores, a ponte que liga o Jardim das Flores ao Sumar\u00e9 vai sair do papel na gest\u00e3o do prefeito Cl\u00e1udio Ferreira. Nesta segunda-feira (06), ele assinou a publica\u00e7\u00e3o da licita\u00e7\u00e3o para a obra, atendendo uma demanda antiga da comunidade. No v\u00eddeo divulgado, o prefeito afirma que \u201cmostrar [&hellip;]<\/p>\n","protected":false},"author":1,"featured_media":16347,"comment_status":"closed","ping_status":"closed","sticky":false,"template":"","format":"standard","meta":[],"categories":[1],"tags":[],"_links":{"self":[{"href":"https:\/\/ligana104.com.br\/2021\/wp-json\/wp\/v2\/posts\/16346"}],"collection":[{"href":"https:\/\/ligana104.com.br\/2021\/wp-json\/wp\/v2\/posts"}],"about":[{"href":"https:\/\/ligana104.com.br\/2021\/wp-json\/wp\/v2\/types\/post"}],"author":[{"embeddable":true,"href":"https:\/\/ligana104.com.br\/2021\/wp-json\/wp\/v2\/users\/1"}],"replies":[{"embeddable":true,"href":"https:\/\/ligana104.com.br\/2021\/wp-json\/wp\/v2\/comments?post=16346"}],"version-history":[{"count":1,"href":"https:\/\/ligana104.com.br\/2021\/wp-json\/wp\/v2\/posts\/16346\/revisions"}],"predecessor-version":[{"id":16348,"href":"https:\/\/ligana104.com.br\/2021\/wp-json\/wp\/v2\/posts\/16346\/revisions\/16348"}],"wp:featuredmedia":[{"embeddable":true,"href":"https:\/\/ligana104.com.br\/2021\/wp-json\/wp\/v2\/media\/16347"}],"wp:attachment":[{"href":"https:\/\/ligana104.com.br\/2021\/wp-json\/wp\/v2\/media?parent=16346"}],"wp:term":[{"taxonomy":"category","embeddable":true,"href":"https:\/\/ligana104.com.br\/2021\/wp-json\/wp\/v2\/categories?post=16346"},{"taxonomy":"post_tag","embeddable":true,"href":"https:\/\/ligana104.com.br\/2021\/wp-json\/wp\/v2\/tags?post=16346"}],"curies":[{"name":"wp","href":"https:\/\/api.w.org\/{rel}","templated":true}]}}