{"id":15824,"date":"2026-03-24T12:45:08","date_gmt":"2026-03-24T15:45:08","guid":{"rendered":"https:\/\/ligana104.com.br\/2021\/2026\/03\/24\/raquel-mattei-assume-comando-do-novo-em-rondonopolis-e-impulsiona-projeto-de-expansao-no-sul-de-mt\/"},"modified":"2026-03-24T12:45:09","modified_gmt":"2026-03-24T15:45:09","slug":"raquel-mattei-assume-comando-do-novo-em-rondonopolis-e-impulsiona-projeto-de-expansao-no-sul-de-mt","status":"publish","type":"post","link":"https:\/\/ligana104.com.br\/2021\/2026\/03\/24\/raquel-mattei-assume-comando-do-novo-em-rondonopolis-e-impulsiona-projeto-de-expansao-no-sul-de-mt\/","title":{"rendered":"Raquel Mattei assume comando do Novo em Rondon\u00f3polis e impulsiona projeto de expans\u00e3o no Sul de MT"},"content":{"rendered":"<p> <br \/>\n<\/p>\n<p>O fortalecimento do partido Novo em Rondon\u00f3polis passa pela consolida\u00e7\u00e3o de novas lideran\u00e7as e pela constru\u00e7\u00e3o de projetos pol\u00edticos estrat\u00e9gicos. Nesse cen\u00e1rio, ganha destaque o nome de Vinicius Santana, que surge como uma das principais apostas da sigla para a disputa de deputado federal, dentro de um plano de crescimento na regi\u00e3o Sul de Mato Grosso.<\/p>\n<p>A nova fase do partido ganha for\u00e7a com a chegada de Raquel Mattei \u00e0 lideran\u00e7a local. Empres\u00e1ria consolidada e ligada ao agroneg\u00f3cio, Raquel tamb\u00e9m atua como ativista pol\u00edtica, com posicionamento firme na defesa de valores da direita. Com credibilidade em Rondon\u00f3polis, ela assume o comando com a miss\u00e3o de ampliar a presen\u00e7a do Novo em um momento considerado decisivo no cen\u00e1rio nacional.<\/p>\n<p>Mato Grosso ganha papel estrat\u00e9gico nesse contexto, j\u00e1 que concentra um eleitorado majoritariamente alinhado \u00e0 direita, o que amplia a responsabilidade do estado no fortalecimento do projeto pol\u00edtico da sigla.<\/p>\n<p>Entre os objetivos definidos, est\u00e1 o fortalecimento da direita e a constru\u00e7\u00e3o de uma base s\u00f3lida de apoio popular. O partido tamb\u00e9m trabalha com a meta de eleger at\u00e9 dois deputados federais, ampliando sua representatividade no Congresso.<\/p>\n<p>Dentro desse projeto, Vinicius Santana aparece como pe\u00e7a-chave, ampliando visibilidade e fortalecendo sua pr\u00e9-candidatura. A articula\u00e7\u00e3o regional e o engajamento de apoiadores entram como fatores decisivos nesse processo.<\/p>\n<p><br \/>\n<br \/><a href=\"https:\/\/rgtnews.com.br\/noticias\/politica\/raquel-mattei-assume-comando-do-novo-em-rondonopolis-e-impulsiona-projeto-de-expansao-no-sul-de-mt\/?utm_source=rss&#038;utm_medium=rss&#038;utm_campaign=raquel-mattei-assume-comando-do-novo-em-rondonopolis-e-impulsiona-projeto-de-expansao-no-sul-de-mt\">Fonte da Noticia <\/a><\/p>\n","protected":false},"excerpt":{"rendered":"<p>O fortalecimento do partido Novo em Rondon\u00f3polis passa pela consolida\u00e7\u00e3o de novas lideran\u00e7as e pela constru\u00e7\u00e3o de projetos pol\u00edticos estrat\u00e9gicos. Nesse cen\u00e1rio, ganha destaque o nome de Vinicius Santana, que surge como uma das principais apostas da sigla para a disputa de deputado federal, dentro de um plano de crescimento na regi\u00e3o Sul de Mato [&hellip;]<\/p>\n","protected":false},"author":1,"featured_media":15825,"comment_status":"closed","ping_status":"closed","sticky":false,"template":"","format":"standard","meta":[],"categories":[1],"tags":[],"_links":{"self":[{"href":"https:\/\/ligana104.com.br\/2021\/wp-json\/wp\/v2\/posts\/15824"}],"collection":[{"href":"https:\/\/ligana104.com.br\/2021\/wp-json\/wp\/v2\/posts"}],"about":[{"href":"https:\/\/ligana104.com.br\/2021\/wp-json\/wp\/v2\/types\/post"}],"author":[{"embeddable":true,"href":"https:\/\/ligana104.com.br\/2021\/wp-json\/wp\/v2\/users\/1"}],"replies":[{"embeddable":true,"href":"https:\/\/ligana104.com.br\/2021\/wp-json\/wp\/v2\/comments?post=15824"}],"version-history":[{"count":1,"href":"https:\/\/ligana104.com.br\/2021\/wp-json\/wp\/v2\/posts\/15824\/revisions"}],"predecessor-version":[{"id":15826,"href":"https:\/\/ligana104.com.br\/2021\/wp-json\/wp\/v2\/posts\/15824\/revisions\/15826"}],"wp:featuredmedia":[{"embeddable":true,"href":"https:\/\/ligana104.com.br\/2021\/wp-json\/wp\/v2\/media\/15825"}],"wp:attachment":[{"href":"https:\/\/ligana104.com.br\/2021\/wp-json\/wp\/v2\/media?parent=15824"}],"wp:term":[{"taxonomy":"category","embeddable":true,"href":"https:\/\/ligana104.com.br\/2021\/wp-json\/wp\/v2\/categories?post=15824"},{"taxonomy":"post_tag","embeddable":true,"href":"https:\/\/ligana104.com.br\/2021\/wp-json\/wp\/v2\/tags?post=15824"}],"curies":[{"name":"wp","href":"https:\/\/api.w.org\/{rel}","templated":true}]}}