{"id":15650,"date":"2026-03-18T18:44:39","date_gmt":"2026-03-18T21:44:39","guid":{"rendered":"https:\/\/ligana104.com.br\/2021\/2026\/03\/18\/audio-vazado-deputado-nega-ser-dono-de-empresa-que-venceu-licitacao-em-mt-e-do-meu-irmao\/"},"modified":"2026-03-18T18:44:40","modified_gmt":"2026-03-18T21:44:40","slug":"audio-vazado-deputado-nega-ser-dono-de-empresa-que-venceu-licitacao-em-mt-e-do-meu-irmao","status":"publish","type":"post","link":"https:\/\/ligana104.com.br\/2021\/2026\/03\/18\/audio-vazado-deputado-nega-ser-dono-de-empresa-que-venceu-licitacao-em-mt-e-do-meu-irmao\/","title":{"rendered":"\u00c1udio vazado | Deputado nega ser dono de empresa que venceu licita\u00e7\u00e3o em MT: &#8220;\u00e9 do meu irm\u00e3o&#8221;"},"content":{"rendered":"<p> <br \/>\n<\/p>\n<div data-id=\"16dae40\" data-element_type=\"widget\" data-widget_type=\"theme-post-content.default\">\n<div class=\"elementor-widget-container\">\n<p>O deputado estadual Valmir Moretto (Republicanos) afirmou que n\u00e3o possui qualquer v\u00ednculo com a empresa do setor de constru\u00e7\u00e3o civil que venceu uma licita\u00e7\u00e3o do Governo de Mato Grosso em Pontes e Lacerda, regi\u00e3o onde mant\u00e9m base eleitoral. A declara\u00e7\u00e3o surgiu ap\u00f3s a repercuss\u00e3o de um v\u00eddeo divulgado nesta ter\u00e7a-feira (17), em que ele aparece comemorando a assinatura de contratos milion\u00e1rios.<\/p>\n<p>Nas imagens, gravadas durante um evento oficial, Moretto comenta sobre as empresas vencedoras e chega a dizer que uma delas seria \u201csua\u201d, ao mencionar valores que se aproximam de R$ 200 milh\u00f5es. A fala gerou questionamentos e levantou suspeitas sobre poss\u00edvel conflito de interesse envolvendo o parlamentar.<\/p>\n<p>Diante da repercuss\u00e3o, o deputado explicou, nesta quarta-feira (18), que n\u00e3o integra mais o quadro societ\u00e1rio da empresa citada. Segundo ele, a participa\u00e7\u00e3o foi transferida ao irm\u00e3o ainda em 2018, quando assumiu o mandato. Moretto alegou que utilizou a express\u00e3o \u201cminha\u201d apenas por costume, j\u00e1 que participou da cria\u00e7\u00e3o do neg\u00f3cio.<\/p>\n<p>O parlamentar tamb\u00e9m defendeu a atua\u00e7\u00e3o do familiar, afirmando que a empresa atua dentro da legalidade, cumpre obriga\u00e7\u00f5es fiscais e possui capacidade t\u00e9cnica para participar de processos licitat\u00f3rios. Ele ainda descartou qualquer tipo de favorecimento ou direcionamento em contratos p\u00fablicos.<\/p>\n<p>Al\u00e9m disso, Moretto refor\u00e7ou que n\u00e3o interfere nas licita\u00e7\u00f5es e que os certames seguem regras definidas por \u00f3rg\u00e3os competentes, com exig\u00eancias t\u00e9cnicas para habilita\u00e7\u00e3o das empresas participantes.<\/p>\n<p>O Governo do Estado tamb\u00e9m se posicionou e informou que os contratos assinados no evento dizem respeito a um pacote de investimentos que supera R$ 200 milh\u00f5es na regi\u00e3o. Em nota, destacou que a obra do Hospital Regional ainda n\u00e3o entrou em fase de licita\u00e7\u00e3o e negou qualquer irregularidade nos processos.<\/p>\n<p>A gest\u00e3o estadual ainda ressaltou que n\u00e3o existem contratos firmados com empresas que tenham parlamentares como s\u00f3cios, refor\u00e7ando que todos os processos seguem crit\u00e9rios t\u00e9cnicos e a legisla\u00e7\u00e3o vigente.<br \/>\n<!-- H&aacute; banners, eles s&atilde;o deficientes ou nenhum qualificado para este local! --><\/p>\n<\/p><\/div><\/div>\n<p><br \/>\n<br \/><a href=\"https:\/\/rgtnews.com.br\/noticias\/politica\/audio-vazado-deputado-nega-ser-dono-de-empresa-que-venceu-licitacao-em-mt-e-do-meu-irmao\/?utm_source=rss&#038;utm_medium=rss&#038;utm_campaign=audio-vazado-deputado-nega-ser-dono-de-empresa-que-venceu-licitacao-em-mt-e-do-meu-irmao\">Fonte da Noticia <\/a><\/p>\n","protected":false},"excerpt":{"rendered":"<p>O deputado estadual Valmir Moretto (Republicanos) afirmou que n\u00e3o possui qualquer v\u00ednculo com a empresa do setor de constru\u00e7\u00e3o civil que venceu uma licita\u00e7\u00e3o do Governo de Mato Grosso em Pontes e Lacerda, regi\u00e3o onde mant\u00e9m base eleitoral. A declara\u00e7\u00e3o surgiu ap\u00f3s a repercuss\u00e3o de um v\u00eddeo divulgado nesta ter\u00e7a-feira (17), em que ele aparece [&hellip;]<\/p>\n","protected":false},"author":1,"featured_media":15651,"comment_status":"closed","ping_status":"closed","sticky":false,"template":"","format":"standard","meta":[],"categories":[1],"tags":[],"_links":{"self":[{"href":"https:\/\/ligana104.com.br\/2021\/wp-json\/wp\/v2\/posts\/15650"}],"collection":[{"href":"https:\/\/ligana104.com.br\/2021\/wp-json\/wp\/v2\/posts"}],"about":[{"href":"https:\/\/ligana104.com.br\/2021\/wp-json\/wp\/v2\/types\/post"}],"author":[{"embeddable":true,"href":"https:\/\/ligana104.com.br\/2021\/wp-json\/wp\/v2\/users\/1"}],"replies":[{"embeddable":true,"href":"https:\/\/ligana104.com.br\/2021\/wp-json\/wp\/v2\/comments?post=15650"}],"version-history":[{"count":1,"href":"https:\/\/ligana104.com.br\/2021\/wp-json\/wp\/v2\/posts\/15650\/revisions"}],"predecessor-version":[{"id":15652,"href":"https:\/\/ligana104.com.br\/2021\/wp-json\/wp\/v2\/posts\/15650\/revisions\/15652"}],"wp:featuredmedia":[{"embeddable":true,"href":"https:\/\/ligana104.com.br\/2021\/wp-json\/wp\/v2\/media\/15651"}],"wp:attachment":[{"href":"https:\/\/ligana104.com.br\/2021\/wp-json\/wp\/v2\/media?parent=15650"}],"wp:term":[{"taxonomy":"category","embeddable":true,"href":"https:\/\/ligana104.com.br\/2021\/wp-json\/wp\/v2\/categories?post=15650"},{"taxonomy":"post_tag","embeddable":true,"href":"https:\/\/ligana104.com.br\/2021\/wp-json\/wp\/v2\/tags?post=15650"}],"curies":[{"name":"wp","href":"https:\/\/api.w.org\/{rel}","templated":true}]}}