{"id":15514,"date":"2026-03-15T12:53:06","date_gmt":"2026-03-15T15:53:06","guid":{"rendered":"https:\/\/ligana104.com.br\/2021\/2026\/03\/15\/mobilidade-urbana-prefeito-claudio-autoriza-licitacao-das-pontes-da-arnaldo-estevao-e-lidio-magalhaes\/"},"modified":"2026-03-15T12:53:06","modified_gmt":"2026-03-15T15:53:06","slug":"mobilidade-urbana-prefeito-claudio-autoriza-licitacao-das-pontes-da-arnaldo-estevao-e-lidio-magalhaes","status":"publish","type":"post","link":"https:\/\/ligana104.com.br\/2021\/2026\/03\/15\/mobilidade-urbana-prefeito-claudio-autoriza-licitacao-das-pontes-da-arnaldo-estevao-e-lidio-magalhaes\/","title":{"rendered":"MOBILIDADE URBANA: Prefeito Cl\u00e1udio autoriza licita\u00e7\u00e3o das pontes da Arnaldo Estev\u00e3o e L\u00eddio Magalh\u00e3es"},"content":{"rendered":"<p> <br \/>\n<\/p>\n<div>\n<p>A gest\u00e3o do prefeito Cl\u00e1udio Ferreira deu um importante passo para resolver o antigo problema de mobilidade urbana em Rondon\u00f3polis. A Prefeitura lan\u00e7ou a licita\u00e7\u00e3o para constru\u00e7\u00e3o de duas pontes de concreto sobre o c\u00f3rrego Arareau, em pontos estrat\u00e9gicos da cidade.<\/p>\n<p>As obras ser\u00e3o executadas na Avenida L\u00eddio Magalh\u00e3es e na Rua Arnaldo Estev\u00e3o de Figueiredo, criando novas liga\u00e7\u00f5es entre bairros importantes e ampliando as alternativas de tr\u00e1fego para a popula\u00e7\u00e3o.<\/p>\n<p>A ponte da L\u00eddio Magalh\u00e3es vai fortalecer a liga\u00e7\u00e3o entre regi\u00f5es como Jardim Primavera e Vila S\u00e3o Sebasti\u00e3o, facilitando o acesso \u00e0 Avenida Rotary Internacional. J\u00e1 a estrutura prevista na Rua Arnaldo Estev\u00e3o de Figueiredo vai melhorar a conex\u00e3o entre Vila Aurora e o Centro, ajudando a reduzir congestionamentos em vias movimentadas.<\/p>\n<p>A licita\u00e7\u00e3o est\u00e1 marcada para 7 de maio de 2026 e faz parte do conjunto de investimentos da atual gest\u00e3o para melhorar a infraestrutura e a mobilidade urbana de Rondon\u00f3polis.<\/p>\n<\/p><\/div>\n<p><br \/>\n<br \/><a href=\"https:\/\/rgtnews.com.br\/noticias\/cidades\/mobilidade-urbana-prefeito-claudio-autoriza-licitacao-das-pontes-da-arnaldo-estevao-e-lidio-magalhaes\/?utm_source=rss&#038;utm_medium=rss&#038;utm_campaign=mobilidade-urbana-prefeito-claudio-autoriza-licitacao-das-pontes-da-arnaldo-estevao-e-lidio-magalhaes\">Fonte da Noticia <\/a><\/p>\n","protected":false},"excerpt":{"rendered":"<p>A gest\u00e3o do prefeito Cl\u00e1udio Ferreira deu um importante passo para resolver o antigo problema de mobilidade urbana em Rondon\u00f3polis. A Prefeitura lan\u00e7ou a licita\u00e7\u00e3o para constru\u00e7\u00e3o de duas pontes de concreto sobre o c\u00f3rrego Arareau, em pontos estrat\u00e9gicos da cidade. As obras ser\u00e3o executadas na Avenida L\u00eddio Magalh\u00e3es e na Rua Arnaldo Estev\u00e3o de [&hellip;]<\/p>\n","protected":false},"author":1,"featured_media":15515,"comment_status":"closed","ping_status":"closed","sticky":false,"template":"","format":"standard","meta":[],"categories":[1],"tags":[],"_links":{"self":[{"href":"https:\/\/ligana104.com.br\/2021\/wp-json\/wp\/v2\/posts\/15514"}],"collection":[{"href":"https:\/\/ligana104.com.br\/2021\/wp-json\/wp\/v2\/posts"}],"about":[{"href":"https:\/\/ligana104.com.br\/2021\/wp-json\/wp\/v2\/types\/post"}],"author":[{"embeddable":true,"href":"https:\/\/ligana104.com.br\/2021\/wp-json\/wp\/v2\/users\/1"}],"replies":[{"embeddable":true,"href":"https:\/\/ligana104.com.br\/2021\/wp-json\/wp\/v2\/comments?post=15514"}],"version-history":[{"count":1,"href":"https:\/\/ligana104.com.br\/2021\/wp-json\/wp\/v2\/posts\/15514\/revisions"}],"predecessor-version":[{"id":15516,"href":"https:\/\/ligana104.com.br\/2021\/wp-json\/wp\/v2\/posts\/15514\/revisions\/15516"}],"wp:featuredmedia":[{"embeddable":true,"href":"https:\/\/ligana104.com.br\/2021\/wp-json\/wp\/v2\/media\/15515"}],"wp:attachment":[{"href":"https:\/\/ligana104.com.br\/2021\/wp-json\/wp\/v2\/media?parent=15514"}],"wp:term":[{"taxonomy":"category","embeddable":true,"href":"https:\/\/ligana104.com.br\/2021\/wp-json\/wp\/v2\/categories?post=15514"},{"taxonomy":"post_tag","embeddable":true,"href":"https:\/\/ligana104.com.br\/2021\/wp-json\/wp\/v2\/tags?post=15514"}],"curies":[{"name":"wp","href":"https:\/\/api.w.org\/{rel}","templated":true}]}}