{"id":15511,"date":"2026-03-15T11:51:05","date_gmt":"2026-03-15T14:51:05","guid":{"rendered":"https:\/\/ligana104.com.br\/2021\/2026\/03\/15\/idoso-com-problemas-de-saude-some-apos-sair-de-bicicleta-e-familia-faz-apelo-desesperado-em-mt\/"},"modified":"2026-03-15T11:51:06","modified_gmt":"2026-03-15T14:51:06","slug":"idoso-com-problemas-de-saude-some-apos-sair-de-bicicleta-e-familia-faz-apelo-desesperado-em-mt","status":"publish","type":"post","link":"https:\/\/ligana104.com.br\/2021\/2026\/03\/15\/idoso-com-problemas-de-saude-some-apos-sair-de-bicicleta-e-familia-faz-apelo-desesperado-em-mt\/","title":{"rendered":"Idoso com problemas de sa\u00fade some ap\u00f3s sair de bicicleta e fam\u00edlia faz apelo desesperado em MT"},"content":{"rendered":"<p> <br \/>\n<\/p>\n<div>\n<p>Um idoso identificado como Sr. Guilherme, morador do bairro Pioneiro, desapareceu ap\u00f3s sair de casa nas primeiras horas da manh\u00e3 de domingo (08), em Primavera do Leste (MT). Desde ent\u00e3o, familiares n\u00e3o tiveram mais not\u00edcias do paradeiro do homem e mobilizam buscas na cidade e regi\u00e3o.<\/p>\n<p>Segundo relato da fam\u00edlia, por volta das 6h30 o filho percebeu que o pai n\u00e3o estava mais no quarto. Imediatamente come\u00e7aram as buscas nas proximidades da resid\u00eancia, por\u00e9m at\u00e9 o momento o idoso n\u00e3o apareceu.<\/p>\n<p>Familiares relatam que o Sr. Guilherme enfrenta problemas de sa\u00fade e tamb\u00e9m apresenta lapsos de mem\u00f3ria, situa\u00e7\u00e3o que aumenta a preocupa\u00e7\u00e3o dos parentes, j\u00e1 que ele pode estar desorientado.<\/p>\n<p>Imagens de c\u00e2meras de seguran\u00e7a registraram o idoso por volta das 7h35 na BR-070, seguindo no sentido ao munic\u00edpio de Campo Verde. Ele possivelmente utilizava uma bicicleta, o que levanta a hip\u00f3tese de que tenha deixado a \u00e1rea urbana pedalando.<\/p>\n<p>Diante do desaparecimento, moradores e grupos comunit\u00e1rios passaram a compartilhar informa\u00e7\u00f5es e imagens nas redes sociais para ajudar nas buscas.<\/p>\n<p>A fam\u00edlia pede que qualquer pessoa que tenha visto o idoso entre em contato imediatamente. Caso algu\u00e9m o encontre, a orienta\u00e7\u00e3o \u00e9 permanecer com ele no local e avisar os familiares.<\/p>\n<p>Informa\u00e7\u00f5es podem ser repassadas pelos telefones:<br \/>(66) 9 9678-8136<br \/>(66) 9 9685-3871<br \/>(66) 9 9963-3091.<br \/>\n<!-- H&aacute; banners, eles s&atilde;o deficientes ou nenhum qualificado para este local! --><\/p>\n<\/p><\/div>\n<p><br \/>\n<br \/><a href=\"https:\/\/rgtnews.com.br\/noticias\/policia\/idoso-com-problemas-de-saude-some-apos-sair-de-bicicleta-e-familia-faz-apelo-desesperados-em-mt\/?utm_source=rss&#038;utm_medium=rss&#038;utm_campaign=idoso-com-problemas-de-saude-some-apos-sair-de-bicicleta-e-familia-faz-apelo-desesperados-em-mt\">Fonte da Noticia <\/a><\/p>\n","protected":false},"excerpt":{"rendered":"<p>Um idoso identificado como Sr. Guilherme, morador do bairro Pioneiro, desapareceu ap\u00f3s sair de casa nas primeiras horas da manh\u00e3 de domingo (08), em Primavera do Leste (MT). Desde ent\u00e3o, familiares n\u00e3o tiveram mais not\u00edcias do paradeiro do homem e mobilizam buscas na cidade e regi\u00e3o. Segundo relato da fam\u00edlia, por volta das 6h30 o [&hellip;]<\/p>\n","protected":false},"author":1,"featured_media":15512,"comment_status":"closed","ping_status":"closed","sticky":false,"template":"","format":"standard","meta":[],"categories":[1],"tags":[],"_links":{"self":[{"href":"https:\/\/ligana104.com.br\/2021\/wp-json\/wp\/v2\/posts\/15511"}],"collection":[{"href":"https:\/\/ligana104.com.br\/2021\/wp-json\/wp\/v2\/posts"}],"about":[{"href":"https:\/\/ligana104.com.br\/2021\/wp-json\/wp\/v2\/types\/post"}],"author":[{"embeddable":true,"href":"https:\/\/ligana104.com.br\/2021\/wp-json\/wp\/v2\/users\/1"}],"replies":[{"embeddable":true,"href":"https:\/\/ligana104.com.br\/2021\/wp-json\/wp\/v2\/comments?post=15511"}],"version-history":[{"count":1,"href":"https:\/\/ligana104.com.br\/2021\/wp-json\/wp\/v2\/posts\/15511\/revisions"}],"predecessor-version":[{"id":15513,"href":"https:\/\/ligana104.com.br\/2021\/wp-json\/wp\/v2\/posts\/15511\/revisions\/15513"}],"wp:featuredmedia":[{"embeddable":true,"href":"https:\/\/ligana104.com.br\/2021\/wp-json\/wp\/v2\/media\/15512"}],"wp:attachment":[{"href":"https:\/\/ligana104.com.br\/2021\/wp-json\/wp\/v2\/media?parent=15511"}],"wp:term":[{"taxonomy":"category","embeddable":true,"href":"https:\/\/ligana104.com.br\/2021\/wp-json\/wp\/v2\/categories?post=15511"},{"taxonomy":"post_tag","embeddable":true,"href":"https:\/\/ligana104.com.br\/2021\/wp-json\/wp\/v2\/tags?post=15511"}],"curies":[{"name":"wp","href":"https:\/\/api.w.org\/{rel}","templated":true}]}}